{"id":342,"date":"2016-07-30T14:37:06","date_gmt":"2016-07-30T12:37:06","guid":{"rendered":"http:\/\/www2.cisarperugia.it\/?p=342"},"modified":"2026-01-24T14:49:44","modified_gmt":"2026-01-24T13:49:44","slug":"ru3alfa-nuova-collocazione-del-ripetitore-di-sezione","status":"publish","type":"post","link":"https:\/\/www.cisarperugia.it\/index.php\/2016\/07\/30\/ru3alfa-nuova-collocazione-del-ripetitore-di-sezione\/","title":{"rendered":"RU3alfa: NUOVA COLLOCAZIONE DEL RIPETITORE DI SEZIONE"},"content":{"rendered":"\n<figure class=\"wp-block-gallery has-nested-images columns-default is-cropped wp-block-gallery-1 is-layout-flex wp-block-gallery-is-layout-flex\">\n<figure class=\"wp-block-image size-full\"><a href=\"http:\/\/www2.cisarperugia.it\/wp-content\/uploads\/2025\/10\/Foto-28536-1.jpg\" target=\"_blank\" rel=\" noreferrer noopener\"><img loading=\"lazy\" decoding=\"async\" width=\"700\" height=\"467\" data-id=\"345\" src=\"http:\/\/www2.cisarperugia.it\/wp-content\/uploads\/2025\/10\/Foto-28536-1.jpg\" alt=\"\" class=\"wp-image-345\" srcset=\"https:\/\/www.cisarperugia.it\/wp-content\/uploads\/2025\/10\/Foto-28536-1.jpg 700w, https:\/\/www.cisarperugia.it\/wp-content\/uploads\/2025\/10\/Foto-28536-1-300x200.jpg 300w\" sizes=\"auto, (max-width: 700px) 100vw, 700px\" \/><\/a><figcaption class=\"wp-element-caption\">Nelle foto il nostro caro e amato Socio Angelo Rossi IW0QHA. <\/figcaption><\/figure>\n\n\n\n<figure class=\"wp-block-image size-full\"><img loading=\"lazy\" decoding=\"async\" width=\"700\" height=\"467\" data-id=\"347\" src=\"http:\/\/www2.cisarperugia.it\/wp-content\/uploads\/2025\/10\/Foto-28544.jpg\" alt=\"\" class=\"wp-image-347\" srcset=\"https:\/\/www.cisarperugia.it\/wp-content\/uploads\/2025\/10\/Foto-28544.jpg 700w, https:\/\/www.cisarperugia.it\/wp-content\/uploads\/2025\/10\/Foto-28544-300x200.jpg 300w\" sizes=\"auto, (max-width: 700px) 100vw, 700px\" \/><figcaption class=\"wp-element-caption\">Purtroppo prematuramente scomparso.<\/figcaption><\/figure>\n<\/figure>\n\n\n\n<h3 class=\"wp-block-heading\">Se ne parlava in Sezione gi\u00e0 da molto tempo e l\u2019argomento <em>Ponte Radio Ru3alfa<\/em> teneva banco ogni sera che veniva aperta per l\u2019ordinaria giornata settimanale.<\/h3>\n\n\n\n<!--more-->\n\n\n\n<figure class=\"wp-block-image size-full\"><a href=\"http:\/\/www2.cisarperugia.it\/wp-content\/uploads\/2016\/07\/Foto-285591-1.jpg\"><img loading=\"lazy\" decoding=\"async\" width=\"700\" height=\"296\" src=\"http:\/\/www2.cisarperugia.it\/wp-content\/uploads\/2016\/07\/Foto-285591-1.jpg\" alt=\"\" class=\"wp-image-358\" srcset=\"https:\/\/www.cisarperugia.it\/wp-content\/uploads\/2016\/07\/Foto-285591-1.jpg 700w, https:\/\/www.cisarperugia.it\/wp-content\/uploads\/2016\/07\/Foto-285591-1-300x127.jpg 300w\" sizes=\"auto, (max-width: 700px) 100vw, 700px\" \/><\/a><\/figure>\n\n\n\n<p>Tutto ebbe inizio circa un paio d\u2019anni fa, giorno pi\u00f9 giorno meno, da un\u2019idea del nostro <em>Presidente IW\u00d8QMN Francesco Marozzi<\/em>: &nbsp;spostare il ripetitore di Sezione dalla postazione originaria Palazzo della Prefettura di Perugia a Monte Tezio.<\/p>\n\n\n\n<p>Naturalmente il progetto suscit\u00f2 immediatamente l\u2019interesse di tutti i soci visto il potenziale che avrebbe potuto offrire l\u2019installazione del ripetitore in una postazione cos\u00ec favorevole e vantaggiosa, tanto che tutti,&nbsp; presero quell\u2019intenzione&nbsp; buttata l\u00ec quasi per gioco, come una vera e propria proposta realizzabile sul serio entro il 2016.<\/p>\n\n\n\n<p>Fu proprio cos\u00ec che allora, da quell\u2019ipotesi un po\u2019 azzardata e soprattutto molto ambiziosa, si inizi\u00f2 pragmaticamente, al rientro dalle ferie estive 2015, a lavorare alacremente sul fronte pi\u00f9 duro da superare, ovvero quello della burocrazia.<\/p>\n\n\n\n<p>Dopo innumerevoli telefonate, lettere, e-mail ed incontri con i vari <em>Enti locali, Autorit\u00e0<\/em> e naturalmente il <em>Ministero dello Sviluppo Economico<\/em>, arriv\u00f2 finalmente, intorno al mese di maggio 2016, la tanto desiderata autorizzazione all\u2019impianto di un ponte radio, adibito al servizio di radioamatore, su Monte Tezio.<\/p>\n\n\n\n<p>La notizia venne accolta dagli iscritti quasi con incredulit\u00e0 e stupore, ma bastarono pochi quarti d\u2019ora perch\u00e9 tutto fu subito chiaro e dunque, quello stato d\u2019animo di meraviglia e sorpresa, si tramut\u00f2 letteralmente in un esplosione di &nbsp;gioia e soddisfazione che ebbe come conseguenza, la determinazione di tutti a voler &nbsp;immediatamente procedere nell\u2019organizzare il gruppo di lavoro che si sarebbe dovuto preoccupare dello spostamento e re-installazione del ripetitore nel nuovo sito appena autorizzato.<\/p>\n\n\n\n<p>Fu cos\u00ec che il 29 luglio c.a., la <em>\u201cSquadra Radioamatori RU3Alfa\u201d<\/em>, col sorgere del sole, si mosse senza indugio alla volta del monte e, a bordo di mezzi fuoristrada con cavi, corde, attrezzature e soprattutto una vera e propria cucina da campo, al fine di dare voce concretamente, al nuovo <em>Ponte Radio di Sezione <\/em>che gi\u00e0 sin dal primo pomeriggio dello stesso giorno torn\u00f2 operativo e funzionante sulla <em>frequenza di 430.087,5 Mhz con shift +1.6 e tono 114.8<\/em>!<\/p>\n\n\n\n<figure class=\"wp-block-gallery has-nested-images columns-default is-cropped wp-block-gallery-2 is-layout-flex wp-block-gallery-is-layout-flex\">\n<figure class=\"wp-block-image size-large\"><a href=\"http:\/\/www2.cisarperugia.it\/wp-content\/uploads\/2016\/07\/Foto-28475-1.jpg\" target=\"_blank\" rel=\" noreferrer noopener\"><img loading=\"lazy\" decoding=\"async\" width=\"700\" height=\"467\" data-id=\"363\" src=\"http:\/\/www2.cisarperugia.it\/wp-content\/uploads\/2016\/07\/Foto-28475-1.jpg\" alt=\"\" class=\"wp-image-363\" srcset=\"https:\/\/www.cisarperugia.it\/wp-content\/uploads\/2016\/07\/Foto-28475-1.jpg 700w, https:\/\/www.cisarperugia.it\/wp-content\/uploads\/2016\/07\/Foto-28475-1-300x200.jpg 300w\" sizes=\"auto, (max-width: 700px) 100vw, 700px\" \/><\/a><\/figure>\n\n\n\n<figure class=\"wp-block-image size-large\"><a href=\"http:\/\/www2.cisarperugia.it\/wp-content\/uploads\/2016\/07\/Foto-28483-1.jpg\" target=\"_blank\" rel=\" noreferrer noopener\"><img loading=\"lazy\" decoding=\"async\" width=\"700\" height=\"467\" data-id=\"364\" src=\"http:\/\/www2.cisarperugia.it\/wp-content\/uploads\/2016\/07\/Foto-28483-1.jpg\" alt=\"\" class=\"wp-image-364\" srcset=\"https:\/\/www.cisarperugia.it\/wp-content\/uploads\/2016\/07\/Foto-28483-1.jpg 700w, https:\/\/www.cisarperugia.it\/wp-content\/uploads\/2016\/07\/Foto-28483-1-300x200.jpg 300w\" sizes=\"auto, (max-width: 700px) 100vw, 700px\" \/><\/a><\/figure>\n<\/figure>\n\n\n\n<p>Vista l\u2019occasione vorremmo ringraziare tutta la <em>\u201cSquadra Radioamatori Monte Tezio\u201ded <\/em>in particolare, il <em>Presidente Nazionale C.I.S.A.R. IW\u00d8CGM Giuseppe Misuri<\/em> per aver preso parte insieme a tutti gli altri alla realizzazione di questo affascinante progetto, contribuendo alla sua realizzazione.&nbsp;<\/p>\n\n\n\n<p>Gli altri componenti della squadra &nbsp;che hanno partecipato all\u2019evento e che qui \u00e8 giusto ricordare sono: <em>IW\u00d8QMN Francesco Marozzi, IW\u00d8RED Marco Brunozzi, IW\u00d8QHA Angelo Rossi, IW\u00d8SAQ Gianni Santevecchi, IW\u00d8RCD Umberto Carmine, IZ\u00d8RMH Fabio Finocchi, IU\u00d8FOA Rino Chiocci e IU\u00d8ARA Paolo Ambrosi.<\/em><\/p>\n\n\n\n<p>Il Presidente e i Soci della Sezione invitano tutti i <em>Radioamatori<\/em> all\u2019utilizzo dell\u2019impianto ripetitore, cos\u00ec che si possa dar luogo a <em>QSO<\/em> dettati da amicizia e fratellanza, spirito comune che contraddistingue da sempre il CISAR e ogni Radioamatore del mondo!<\/p>\n\n\n\n<figure class=\"wp-block-gallery has-nested-images columns-default is-cropped wp-block-gallery-3 is-layout-flex wp-block-gallery-is-layout-flex\">\n<figure class=\"wp-block-image size-full\"><a href=\"http:\/\/www2.cisarperugia.it\/wp-content\/uploads\/2016\/07\/Foto-28263.jpg\" target=\"_blank\" rel=\" noreferrer noopener\"><img loading=\"lazy\" decoding=\"async\" width=\"700\" height=\"467\" data-id=\"350\" src=\"http:\/\/www2.cisarperugia.it\/wp-content\/uploads\/2016\/07\/Foto-28263.jpg\" alt=\"\" class=\"wp-image-350\" srcset=\"https:\/\/www.cisarperugia.it\/wp-content\/uploads\/2016\/07\/Foto-28263.jpg 700w, https:\/\/www.cisarperugia.it\/wp-content\/uploads\/2016\/07\/Foto-28263-300x200.jpg 300w\" sizes=\"auto, (max-width: 700px) 100vw, 700px\" \/><\/a><\/figure>\n\n\n\n<figure class=\"wp-block-image size-full\"><a href=\"http:\/\/www2.cisarperugia.it\/wp-content\/uploads\/2016\/07\/Foto-28339.jpg\" target=\"_blank\" rel=\" noreferrer noopener\"><img loading=\"lazy\" decoding=\"async\" width=\"700\" height=\"467\" data-id=\"351\" src=\"http:\/\/www2.cisarperugia.it\/wp-content\/uploads\/2016\/07\/Foto-28339.jpg\" alt=\"\" class=\"wp-image-351\" srcset=\"https:\/\/www.cisarperugia.it\/wp-content\/uploads\/2016\/07\/Foto-28339.jpg 700w, https:\/\/www.cisarperugia.it\/wp-content\/uploads\/2016\/07\/Foto-28339-300x200.jpg 300w\" sizes=\"auto, (max-width: 700px) 100vw, 700px\" \/><\/a><\/figure>\n<\/figure>\n\n\n\n<p><\/p>\n\n\n\n<p class=\"has-text-align-right\">\u00a9 Riproduzione vietata<\/p>\n","protected":false},"excerpt":{"rendered":"<p>Se ne parlava in Sezione gi\u00e0 da molto tempo e l\u2019argomento Ponte Radio Ru3alfa teneva banco ogni sera che veniva aperta per l\u2019ordinaria giornata settimanale.<\/p>\n","protected":false},"author":3,"featured_media":0,"comment_status":"closed","ping_status":"open","sticky":false,"template":"","format":"standard","meta":{"footnotes":""},"categories":[3],"tags":[51,12,35,40],"class_list":["post-342","post","type-post","status-publish","format-standard","hentry","category-ponti-radio","tag-associazione-radioamatori","tag-network","tag-ponte-radio","tag-protezione-civile"],"_links":{"self":[{"href":"https:\/\/www.cisarperugia.it\/index.php\/wp-json\/wp\/v2\/posts\/342","targetHints":{"allow":["GET"]}}],"collection":[{"href":"https:\/\/www.cisarperugia.it\/index.php\/wp-json\/wp\/v2\/posts"}],"about":[{"href":"https:\/\/www.cisarperugia.it\/index.php\/wp-json\/wp\/v2\/types\/post"}],"author":[{"embeddable":true,"href":"https:\/\/www.cisarperugia.it\/index.php\/wp-json\/wp\/v2\/users\/3"}],"replies":[{"embeddable":true,"href":"https:\/\/www.cisarperugia.it\/index.php\/wp-json\/wp\/v2\/comments?post=342"}],"version-history":[{"count":11,"href":"https:\/\/www.cisarperugia.it\/index.php\/wp-json\/wp\/v2\/posts\/342\/revisions"}],"predecessor-version":[{"id":1052,"href":"https:\/\/www.cisarperugia.it\/index.php\/wp-json\/wp\/v2\/posts\/342\/revisions\/1052"}],"wp:attachment":[{"href":"https:\/\/www.cisarperugia.it\/index.php\/wp-json\/wp\/v2\/media?parent=342"}],"wp:term":[{"taxonomy":"category","embeddable":true,"href":"https:\/\/www.cisarperugia.it\/index.php\/wp-json\/wp\/v2\/categories?post=342"},{"taxonomy":"post_tag","embeddable":true,"href":"https:\/\/www.cisarperugia.it\/index.php\/wp-json\/wp\/v2\/tags?post=342"}],"curies":[{"name":"wp","href":"https:\/\/api.w.org\/{rel}","templated":true}]}}