{"id":194,"date":"2022-08-30T17:00:42","date_gmt":"2022-08-30T15:00:42","guid":{"rendered":"http:\/\/www2.cisarperugia.it\/?p=194"},"modified":"2026-01-24T14:52:59","modified_gmt":"2026-01-24T13:52:59","slug":"torna-la-due-giorni-dei-radioamatori-e-da-perugia-come-ormai-tradizione-da-alcuni-anni-lassociazione-nazionale-cisar-attraverso-la-sezione-di-perugia-fara-sentire-la-propria-voce","status":"publish","type":"post","link":"https:\/\/www.cisarperugia.it\/index.php\/2022\/08\/30\/torna-la-due-giorni-dei-radioamatori-e-da-perugia-come-ormai-tradizione-da-alcuni-anni-lassociazione-nazionale-cisar-attraverso-la-sezione-di-perugia-fara-sentire-la-propria-voce\/","title":{"rendered":"Field Day HF I.A.R.U. Reg. 1 SSB 2022"},"content":{"rendered":"<div class=\"wp-block-image\">\n<figure class=\"aligncenter size-medium is-resized\"><a href=\"http:\/\/www2.cisarperugia.it\/wp-content\/uploads\/2022\/08\/CISAR-PG-Field-Day-00127-scaled.jpg\" target=\"_blank\" rel=\" noreferrer noopener\"><img loading=\"lazy\" decoding=\"async\" width=\"300\" height=\"200\" src=\"http:\/\/www2.cisarperugia.it\/wp-content\/uploads\/2022\/08\/CISAR-PG-Field-Day-00127-300x200.jpg\" alt=\"\" class=\"wp-image-196\" style=\"aspect-ratio:1.5000337723741979;width:654px;height:auto\" srcset=\"https:\/\/www.cisarperugia.it\/wp-content\/uploads\/2022\/08\/CISAR-PG-Field-Day-00127-300x200.jpg 300w, https:\/\/www.cisarperugia.it\/wp-content\/uploads\/2022\/08\/CISAR-PG-Field-Day-00127-1024x683.jpg 1024w, https:\/\/www.cisarperugia.it\/wp-content\/uploads\/2022\/08\/CISAR-PG-Field-Day-00127-768x512.jpg 768w, https:\/\/www.cisarperugia.it\/wp-content\/uploads\/2022\/08\/CISAR-PG-Field-Day-00127-1536x1024.jpg 1536w, https:\/\/www.cisarperugia.it\/wp-content\/uploads\/2022\/08\/CISAR-PG-Field-Day-00127-2048x1366.jpg 2048w\" sizes=\"auto, (max-width: 300px) 100vw, 300px\" \/><\/a><\/figure>\n<\/div>\n\n\n<h3 class=\"wp-block-heading\">Una manifestazione dedicata agli appassionati di comunicazioni via radio che da Madonna Alta, e precisamente presso l\u2019Istituto Professionale B. PASCAL, dove ha sede ufficialmente l\u2019Associazione CISAR, metter\u00e0 in collegamento Perugia con il mondo.<\/h3>\n\n\n\n<!--more-->\n\n\n\n<p>L\u2019evento si svilupper\u00e0 nei giorni di sabato 3 e domenica 4 settembre 2022 quando si svolger\u00e0 una importante manifestazione radioamatoriale denominata \u201cField Day HF I.A.R.U. Reg. 1 SSB\u201d. <\/p>\n\n\n\n<p>Il \u201cField Day\u201d, \u00e8 un evento durante il quale ogni Radioamatore nel mondo, avr\u00e0 il compito di cercare di mettersi in contatto con altri colleghi, simulando vere e proprie emergenze in scenari caratterizzati da catastrofi naturali. Per questa edizione la Sezione perugina del CISAR, contrariamente a quanto gi\u00e0 sperimentato durante la passata edizione del 2021, che partecip\u00f2 allestendo una stazione radio da campo alla \u201cCitt\u00e0 della Dominca\u201d, impianter\u00e0 nel prossimo weekend una sala operativa fissa presso la propria sede, simulando un coordinamento di trasmissioni in emergenza a lunga distanza, immaginando stazioni portatili operative sui luoghi dell\u2019evento. Le operazioni inizieranno sabato alle 15,00 ora locale per terminare 24 ore dopo, domenica 4 settembre. La sezione CISAR di Perugia (Centro Italiano Sperimentazioni e Attivit\u00e0 Radiantistiche) ha inquadrato questa manifestazione come evento di addestramento di operatori radio di Protezione Civile e questo sar\u00e0 lo scopo principale al quale la Sezione di Perugia punter\u00e0 le sue \u201cantenne\u201d tant\u2019\u00e8 che, terminata la \u201cdue giorni Field Day\u201d la sala operativa della Sezione, comprensiva della sua struttura di antenne, installata per l\u2019occasione, rimarr\u00e0 attiva ed operativa per sempre. L\u2019importanza di avere sul territorio un \u2018Associazione come il CISAR, dove i propri iscritti sono prevalentemente tecnici e sperimentatori del settore, contribuisce alla valorizzazione stessa della citt\u00e0, che in caso di qualsiasi bisogno, necessit\u00e0 o nel peggiore delle ipotesi emergenza, sa che potr\u00e0 andare a colpo sicuro trovando una struttura esistente, efficiente e pronta all\u2019uso con personale volontario qualificato, preparato ma soprattutto con un grande spirito umanitario al servizio della Collettivit\u00e0.<\/p>\n\n\n\n<p class=\"has-text-align-right\">\u00a9 <em>Riproduzione vietata<\/em><\/p>\n","protected":false},"excerpt":{"rendered":"<p>Una manifestazione dedicata agli appassionati di comunicazioni via radio che da Madonna Alta, e precisamente presso l\u2019Istituto Professionale B. PASCAL, dove ha sede ufficialmente l\u2019Associazione CISAR, metter\u00e0 in collegamento Perugia con il mondo.<\/p>\n","protected":false},"author":3,"featured_media":0,"comment_status":"closed","ping_status":"open","sticky":false,"template":"","format":"standard","meta":{"footnotes":""},"categories":[19,1],"tags":[51,22,20,29,21],"class_list":["post-194","post","type-post","status-publish","format-standard","hentry","category-attivita","category-contest","tag-associazione-radioamatori","tag-contest","tag-field-day","tag-iq0sq","tag-ssb"],"_links":{"self":[{"href":"https:\/\/www.cisarperugia.it\/index.php\/wp-json\/wp\/v2\/posts\/194","targetHints":{"allow":["GET"]}}],"collection":[{"href":"https:\/\/www.cisarperugia.it\/index.php\/wp-json\/wp\/v2\/posts"}],"about":[{"href":"https:\/\/www.cisarperugia.it\/index.php\/wp-json\/wp\/v2\/types\/post"}],"author":[{"embeddable":true,"href":"https:\/\/www.cisarperugia.it\/index.php\/wp-json\/wp\/v2\/users\/3"}],"replies":[{"embeddable":true,"href":"https:\/\/www.cisarperugia.it\/index.php\/wp-json\/wp\/v2\/comments?post=194"}],"version-history":[{"count":11,"href":"https:\/\/www.cisarperugia.it\/index.php\/wp-json\/wp\/v2\/posts\/194\/revisions"}],"predecessor-version":[{"id":1048,"href":"https:\/\/www.cisarperugia.it\/index.php\/wp-json\/wp\/v2\/posts\/194\/revisions\/1048"}],"wp:attachment":[{"href":"https:\/\/www.cisarperugia.it\/index.php\/wp-json\/wp\/v2\/media?parent=194"}],"wp:term":[{"taxonomy":"category","embeddable":true,"href":"https:\/\/www.cisarperugia.it\/index.php\/wp-json\/wp\/v2\/categories?post=194"},{"taxonomy":"post_tag","embeddable":true,"href":"https:\/\/www.cisarperugia.it\/index.php\/wp-json\/wp\/v2\/tags?post=194"}],"curies":[{"name":"wp","href":"https:\/\/api.w.org\/{rel}","templated":true}]}}